{"id":8119,"date":"2022-02-20T16:54:22","date_gmt":"2022-02-20T16:54:22","guid":{"rendered":"https:\/\/erasmusplus.al\/?p=8119"},"modified":"2022-02-20T17:49:55","modified_gmt":"2022-02-20T17:49:55","slug":"ka2-bashkepunim-per-inovacion-dhe-pervoja-te-mira","status":"publish","type":"post","link":"https:\/\/erasmusplus.al\/?p=8119&lang=sq","title":{"rendered":"KA2- Bashk\u00ebpunim p\u00ebr inovacion dhe p\u00ebrvoja t\u00eb mira"},"content":{"rendered":"<p>[et_pb_section fb_built=&#8221;1&#8243; _builder_version=&#8221;4.14.8&#8243; _module_preset=&#8221;default&#8221; top_divider_style=&#8221;slant2&#8243; top_divider_color=&#8221;#0C71C3&#8243; bottom_divider_style=&#8221;slant2&#8243; bottom_divider_color=&#8221;#0C71C3&#8243; global_colors_info=&#8221;{}&#8221;][et_pb_row _builder_version=&#8221;4.14.8&#8243; _module_preset=&#8221;default&#8221; global_colors_info=&#8221;{}&#8221;][et_pb_column type=&#8221;4_4&#8243; _builder_version=&#8221;4.14.8&#8243; _module_preset=&#8221;default&#8221; global_colors_info=&#8221;{}&#8221;][et_pb_text _builder_version=&#8221;4.14.8&#8243; _module_preset=&#8221;default&#8221; text_font=&#8221;Adamina||||||||&#8221; text_text_color=&#8221;#000000&#8243; text_font_size=&#8221;18px&#8221; text_line_height=&#8221;1.8em&#8221; global_colors_info=&#8221;{}&#8221;]<\/p>\n<p><strong><span style=\"color: #000080;\">KA2 \u2013 Bashk\u00ebpunim p\u00ebr inovacion dhe p\u00ebrvoja t\u00eb mira<\/span><\/strong><\/p>\n<p>P\u00ebrfshin bashk\u00ebpunimin p\u00ebr inovacion dhe p\u00ebrvoja t\u00eb mira, n\u00eb form\u00ebn e bashk\u00ebpunimit nd\u00ebrmjet institucioneve t\u00eb arsimit t\u00eb lart\u00eb dhe\/ose bizneseve dhe pal\u00ebve t\u00eb tjera t\u00eb interesuara, ngritjen e kapaciteteve p\u00ebr institucionet e vendeve jo t\u00eb industrializuara (ish-projektet Tempus). KA2 p\u00ebrfaq\u00ebson rreth 28% t\u00eb buxhetit t\u00eb p\u00ebrgjithsh\u00ebm.<\/p>\n<p><strong><span style=\"color: #000080;\">Nd\u00ebrtim kapaciteti<\/span><\/strong><\/p>\n<p>Projektet e Ngritjes s\u00eb Kapaciteteve synojn\u00eb t\u00eb mb\u00ebshtesin modernizimin, aksesueshm\u00ebrin\u00eb dhe nd\u00ebrkomb\u00ebtarizimin e arsimit t\u00eb lart\u00eb n\u00eb vendet partnere. K\u00ebto projekte jan\u00eb projekte bashk\u00ebpunimi nd\u00ebrkomb\u00ebtar t\u00eb bazuara n\u00eb partneritete shum\u00ebpal\u00ebshe kryesisht nd\u00ebrmjet Institucioneve t\u00eb Arsimit t\u00eb Lart\u00eb (Institucioneve t\u00eb Arsimit t\u00eb Lart\u00eb) nga Programi dhe Vendeve Partnere t\u00eb pranueshme.<\/p>\n<p>K\u00ebto projekte mund t\u00eb jen\u00eb:<\/p>\n<p><strong><span style=\"color: #000080;\">Projekte t\u00eb p\u00ebrbashk\u00ebta<\/span><\/strong>: p\u00ebr t\u00eb ndihmuar Institucionet e Arsimit t\u00eb Lart\u00eb nga vendet partnere p\u00ebr t\u00eb zhvilluar, modernizuar dhe shp\u00ebrndar\u00eb kurrikulat e reja, metodat ose materialet e m\u00ebsimdh\u00ebnies, si dhe p\u00ebr t\u00eb nxitur sigurimin e cil\u00ebsis\u00eb dhe qeverisjen e institucioneve t\u00eb arsimit t\u00eb lart\u00eb.<\/p>\n<p><strong><span style=\"color: #000080;\">Projektet strukturore<\/span><\/strong>: zhvillimi dhe reformimi i institucioneve dhe sistemeve t\u00eb arsimit t\u00eb lart\u00eb n\u00eb vendet partnere; p\u00ebr t\u00eb rritur cil\u00ebsin\u00eb dhe r\u00ebnd\u00ebsin\u00eb e institucioneve t\u00eb arsimit t\u00eb lart\u00eb, p\u00ebr t\u00eb promovuar bashk\u00ebpunimin rajonal dhe p\u00ebr t\u00eb rritur konvergjenc\u00ebn me zhvillimet nd\u00ebrkomb\u00ebtare n\u00eb arsimin e lart\u00eb.<\/p>\n<p>N\u00eb rastin e Projekteve t\u00eb Ngritjes s\u00eb Kapaciteteve q\u00eb synojn\u00eb vendet partnere t\u00eb kualifikuara nga Ballkani Per\u00ebndimor, projektet mund t\u00eb p\u00ebrfshijn\u00eb nj\u00eb Fillim t\u00eb Ve\u00e7ant\u00eb t\u00eb L\u00ebvizshm\u00ebris\u00eb drejtuar ose student\u00ebve ose stafit nga institucionet partnere t\u00eb Arsimit t\u00eb Lart\u00eb. L\u00ebvizshm\u00ebria duhet t\u00eb jet\u00eb instrumentale p\u00ebr objektivat e projektit (l\u00ebvizshm\u00ebria e integruar) dhe t\u00eb zbatohet p\u00ebrmes marr\u00ebveshjeve nd\u00ebrinstitucionale.<\/p>\n<p><a href=\"http:\/\/eacea.ec.europa.eu\/erasmus-plus\/actions\/key-action-2-cooperation-for-innovation-and-exchange-good-practices\/capacity-building-projects-in-higher-education_en\">http:\/\/eacea.ec.europa.eu\/erasmus-plus\/actions\/key-action-2-cooperation-for-innovation-and-exchange-good-practices\/capacity-building-projects-in-higher-education_en<\/a><\/p>\n<p><strong><span style=\"color: #000080;\">Partneritetet Strategjike<\/span><\/strong><\/p>\n<p><a href=\"http:\/\/eacea.ec.europa.eu\/erasmus-plus\/actions\/cooperation-for-innovation-and-exchange-good-practices_en\">http:\/\/eacea.ec.europa.eu\/erasmus-plus\/actions\/cooperation-for-innovation-and-exchange-good-practices_en<\/a><\/p>\n<p><strong><span style=\"color: #000080;\">Aleancat e Dijes<\/span><\/strong><\/p>\n<p><a href=\"http:\/\/eacea.ec.europa.eu\/erasmus-plus\/actions\/cooperation-for-innovation-and-exchange-good-practices_en\">http:\/\/eacea.ec.europa.eu\/erasmus-plus\/actions\/cooperation-for-innovation-and-exchange-good-practices_en<\/a><\/p>\n<p>[\/et_pb_text][\/et_pb_column][\/et_pb_row][\/et_pb_section]<\/p>\n","protected":false},"excerpt":{"rendered":"<p>KA2 \u2013 Bashk\u00ebpunim p\u00ebr inovacion dhe p\u00ebrvoja t\u00eb mira P\u00ebrfshin bashk\u00ebpunimin p\u00ebr inovacion dhe p\u00ebrvoja t\u00eb mira, n\u00eb form\u00ebn e bashk\u00ebpunimit nd\u00ebrmjet institucioneve t\u00eb arsimit t\u00eb lart\u00eb dhe\/ose bizneseve dhe pal\u00ebve t\u00eb tjera t\u00eb interesuara, ngritjen e kapaciteteve p\u00ebr institucionet e vendeve jo t\u00eb industrializuara (ish-projektet Tempus). KA2 p\u00ebrfaq\u00ebson rreth 28% t\u00eb buxhetit t\u00eb p\u00ebrgjithsh\u00ebm. [&hellip;]<\/p>\n","protected":false},"author":2,"featured_media":0,"comment_status":"closed","ping_status":"closed","sticky":false,"template":"","format":"standard","meta":{"_acf_changed":false,"_et_pb_use_builder":"on","_et_pb_old_content":"","_et_gb_content_width":"","footnotes":""},"categories":[2],"tags":[],"class_list":["post-8119","post","type-post","status-publish","format-standard","hentry","category-uncategorized-sq"],"acf":[],"_links":{"self":[{"href":"https:\/\/erasmusplus.al\/index.php?rest_route=\/wp\/v2\/posts\/8119","targetHints":{"allow":["GET"]}}],"collection":[{"href":"https:\/\/erasmusplus.al\/index.php?rest_route=\/wp\/v2\/posts"}],"about":[{"href":"https:\/\/erasmusplus.al\/index.php?rest_route=\/wp\/v2\/types\/post"}],"author":[{"embeddable":true,"href":"https:\/\/erasmusplus.al\/index.php?rest_route=\/wp\/v2\/users\/2"}],"replies":[{"embeddable":true,"href":"https:\/\/erasmusplus.al\/index.php?rest_route=%2Fwp%2Fv2%2Fcomments&post=8119"}],"version-history":[{"count":4,"href":"https:\/\/erasmusplus.al\/index.php?rest_route=\/wp\/v2\/posts\/8119\/revisions"}],"predecessor-version":[{"id":8163,"href":"https:\/\/erasmusplus.al\/index.php?rest_route=\/wp\/v2\/posts\/8119\/revisions\/8163"}],"wp:attachment":[{"href":"https:\/\/erasmusplus.al\/index.php?rest_route=%2Fwp%2Fv2%2Fmedia&parent=8119"}],"wp:term":[{"taxonomy":"category","embeddable":true,"href":"https:\/\/erasmusplus.al\/index.php?rest_route=%2Fwp%2Fv2%2Fcategories&post=8119"},{"taxonomy":"post_tag","embeddable":true,"href":"https:\/\/erasmusplus.al\/index.php?rest_route=%2Fwp%2Fv2%2Ftags&post=8119"}],"curies":[{"name":"wp","href":"https:\/\/api.w.org\/{rel}","templated":true}]}}