{"id":8123,"date":"2022-02-20T16:55:35","date_gmt":"2022-02-20T16:55:35","guid":{"rendered":"https:\/\/erasmusplus.al\/?p=8123"},"modified":"2022-02-20T18:18:38","modified_gmt":"2022-02-20T18:18:38","slug":"shkembime-te-shkurtra-icm-studente-staf","status":"publish","type":"post","link":"https:\/\/erasmusplus.al\/?p=8123&lang=sq","title":{"rendered":"Shk\u00ebmbime t\u00eb shkurtra \u2013 ICM (Student\u00eb\/Staf)"},"content":{"rendered":"<p>[et_pb_section fb_built=&#8221;1&#8243; _builder_version=&#8221;4.14.8&#8243; _module_preset=&#8221;default&#8221; hover_enabled=&#8221;0&#8243; global_colors_info=&#8221;{}&#8221; top_divider_style=&#8221;slant2&#8243; top_divider_color=&#8221;#0C71C3&#8243; bottom_divider_style=&#8221;slant2&#8243; bottom_divider_color=&#8221;#0C71C3&#8243; sticky_enabled=&#8221;0&#8243;][et_pb_row _builder_version=&#8221;4.14.8&#8243; _module_preset=&#8221;default&#8221; global_colors_info=&#8221;{}&#8221;][et_pb_column type=&#8221;4_4&#8243; _builder_version=&#8221;4.14.8&#8243; _module_preset=&#8221;default&#8221; global_colors_info=&#8221;{}&#8221;][et_pb_text _builder_version=&#8221;4.14.8&#8243; _module_preset=&#8221;default&#8221; text_font=&#8221;Adamina||||||||&#8221; text_text_color=&#8221;#000000&#8243; text_font_size=&#8221;18px&#8221; text_line_height=&#8221;1.8em&#8221; global_colors_info=&#8221;{}&#8221;]<\/p>\n<h1><strong><span style=\"color: #000080;\">Shk\u00ebmbime t\u00eb shkurtra \u2013 ICM (Student\u00eb\/Staf)<\/span><\/strong><\/h1>\n<p><strong><span style=\"color: #000080;\"><\/span><\/strong><\/p>\n<p><strong><span style=\"color: #000080;\">KEY ACTION 1 \u2013 INTERNATIONAL CREDIT MOBILITY<\/span><\/strong><\/p>\n<p>N\u00ebse nj\u00eb Universitet Shqiptar \u00ebsht\u00eb p\u00ebrzgjedhur si fitues n\u00eb nj\u00eb projekt dypal\u00ebsh n\u00eb kuadrin e L\u00ebvizshm\u00ebris\u00eb Nd\u00ebrkomb\u00ebtare t\u00eb Kredive, student\u00ebt, stafi m\u00ebsimdh\u00ebn\u00ebs dhe administrativ mund t\u00eb p\u00ebrfitojn\u00eb nga mobilitetet afatshkurtra, nga 3 deri n\u00eb 12 muaj p\u00ebr student\u00ebt Bachelor, Master dhe PhD dhe nga 5. dit\u00eb deri n\u00eb 2 muaj p\u00ebr personelin m\u00ebsimor dhe administrativ. K\u00ebrkesat e gjuh\u00ebs jan\u00eb t\u00eb specifikuara n\u00eb marr\u00ebveshjen nd\u00ebrinstitucionale nd\u00ebrmjet dy universiteteve.<\/p>\n<p><strong><span style=\"color: #000080;\">Si t\u00eb aplikoni p\u00ebr mund\u00ebsi t\u00eb tilla?<\/span><\/strong><\/p>\n<p>T\u00eb gjith\u00eb aplikant\u00ebt duhet t\u00eb kontaktojn\u00eb zyrat e marr\u00ebdh\u00ebnieve nd\u00ebrkomb\u00ebtare ose t\u00eb projektit n\u00eb institucionet e tyre p\u00ebr t\u00eb m\u00ebsuar n\u00ebse ndonj\u00eb projekt mobiliteti Erasmus + po zbatohet. Ata duhet t\u00eb marrin informacion n\u00eb lidhje me koh\u00ebn e paraqitjes s\u00eb aplikacioneve individuale, kriteret e p\u00ebrzgjedhjes, afatin kohor t\u00eb aplikimit, etj.<\/p>\n<p>Nj\u00eb student duhet t\u00eb dij\u00eb:<\/p>\n<p><strong><span style=\"color: #000080;\">Kriteret e p\u00ebrzgjedhjes<\/span><\/strong> p\u00ebr student\u00ebt dhe stafin jan\u00eb t\u00eb p\u00ebrcaktuara n\u00eb marr\u00ebveshje nd\u00ebrmjet institucioneve d\u00ebrguese. Ato duhet t\u00eb shpallen kur t\u00eb hapet thirrja p\u00ebr aplikime dhe t\u00eb shpallen si\u00e7 duhet.<\/p>\n<p><strong><span style=\"color: #000080;\">Njohja e periudh\u00ebs s\u00eb studimit<\/span><\/strong> \u00ebsht\u00eb nj\u00eb kusht i detyruesh\u00ebm mes dy institucioneve. Institucioni prit\u00ebs \u00ebsht\u00eb i detyruar t\u00eb pajis\u00eb studentin dhe institucionin d\u00ebrgues me list\u00ebn e rezultateve dhe institucioni d\u00ebrgues \u00ebsht\u00eb i detyruar t\u00eb njoh\u00eb plot\u00ebsisht modulet e zbatuara dhe list\u00ebn e rezultateve q\u00eb ka arritur. P\u00ebr k\u00ebt\u00eb arsye studenti plot\u00ebson \u201cMarr\u00ebveshjen e t\u00eb m\u00ebsuarit p\u00ebr studime\u201d.<\/p>\n<p><span style=\"text-decoration: underline;\"><span style=\"color: #0000ff;\"><a href=\"https:\/\/erasmus-plus.ec.europa.eu\/resources-and-tools\/learning-agreement\" style=\"color: #0000ff; text-decoration: underline;\">Marr\u00ebveshje m\u00ebsimore Erasmus+ HE p\u00ebr studime<\/a><\/span><\/span><\/p>\n<p>Marr\u00ebveshja e M\u00ebsimit p\u00ebr Studime p\u00ebrgatitet nga studenti p\u00ebrpara fillimit t\u00eb mobilitetit, bazuar n\u00eb m\u00ebnyrat q\u00eb ai zgjedh p\u00ebr t\u00eb p\u00ebrfunduar n\u00eb institucionin pranues (tabela A). Module t\u00eb tilla p\u00ebrshkruhen n\u00eb katalogun e v\u00ebn\u00eb n\u00eb dispozicion nga institucioni marr\u00ebs. Gjithashtu studenti plot\u00ebson tabel\u00ebn B me modulet p\u00ebrkat\u00ebse n\u00eb institucionin d\u00ebrgues, t\u00eb cilat do t\u00eb njihen pas periudh\u00ebs s\u00eb mobilitetit.<\/p>\n<p>Kjo marr\u00ebveshje n\u00ebnshkruhet bashk\u00ebrisht nga studenti, personi p\u00ebrgjegj\u00ebs n\u00eb institucionin d\u00ebrgues dhe personi p\u00ebrgjegj\u00ebs n\u00eb institucionin pranues.<\/p>\n<p><strong><span style=\"color: #000080;\">Stafi<\/span><\/strong><\/p>\n<p>Stafi i universitetit (akademik ose administrativ) bazuar n\u00eb objektivin e periudh\u00ebs s\u00eb mobilitetit plot\u00ebson:<\/p>\n<p><strong><span style=\"color: #000080;\">L\u00ebvizshm\u00ebria e stafit p\u00ebr Marr\u00ebveshjen e M\u00ebsimdh\u00ebnies;<\/span><\/strong><\/p>\n<p><span style=\"text-decoration: underline; color: #0000ff;\"><a href=\"https:\/\/erasmusplus.al\/wp-content\/uploads\/2022\/02\/Erasmus-HE-Staff-Mobility-Agreement-for-teaching-1.docx\" style=\"color: #0000ff;\"><span>Erasmus+ HE Staff Mobility Marr\u00ebveshje p\u00ebr m\u00ebsimdh\u00ebnie<\/span><\/a><\/span><\/p>\n<p><span style=\"color: #000080;\"><strong>L\u00ebvizshm\u00ebria e stafit p\u00ebr Marr\u00ebveshjen e Trajnimit;<\/strong><\/span><\/p>\n<p><span style=\"text-decoration: underline;\"><span style=\"color: #0000ff;\"><a href=\"https:\/\/erasmusplus.al\/wp-content\/uploads\/2017\/07\/Erasmus-HE-Staff-Mobility-Agreement-for-training.pdf\" style=\"color: #0000ff; text-decoration: underline;\">Marr\u00ebveshja e L\u00ebvizjes s\u00eb Stafit t\u00eb Erasmus+ HE p\u00ebr trajnim<\/a><\/span><\/span><\/p>\n<p><span style=\"color: #000080;\"><strong>Marr\u00ebveshja e Grantit t\u00eb Pjes\u00ebmarr\u00ebsve<\/strong><\/span><\/p>\n<p>P\u00ebrve\u00e7 marr\u00ebveshjeve t\u00eb lartp\u00ebrmendura, student\u00ebt dhe stafi do t\u00eb n\u00ebnshkruajn\u00eb edhe <em><span style=\"color: #000000;\"><strong>marr\u00ebveshjen e grantit t\u00eb pjes\u00ebmarr\u00ebsve<\/strong><\/span><\/em>, e cila p\u00ebrcakton kushtet e mb\u00ebshtetjes financiare dhe modalitetet e alokimit. <span style=\"text-decoration: underline;\">Ky dokument n\u00ebnshkruhet nd\u00ebrmjet individit dhe institucionit t\u00eb vendit t\u00eb programit p\u00ebrpara fillimit t\u00eb mobilitetit.<\/span><\/p>\n<p>P\u00ebr informacion shtes\u00eb, ju lutemi kontaktoni zyr\u00ebn e marr\u00ebdh\u00ebnieve nd\u00ebrkomb\u00ebtare ose t\u00eb projektit n\u00eb universitetin tuaj.<\/p>\n<p>[\/et_pb_text][\/et_pb_column][\/et_pb_row][\/et_pb_section]<\/p>\n","protected":false},"excerpt":{"rendered":"<p>Shk\u00ebmbime t\u00eb shkurtra \u2013 ICM (Student\u00eb\/Staf) KEY ACTION 1 \u2013 INTERNATIONAL CREDIT MOBILITY N\u00ebse nj\u00eb Universitet Shqiptar \u00ebsht\u00eb p\u00ebrzgjedhur si fitues n\u00eb nj\u00eb projekt dypal\u00ebsh n\u00eb kuadrin e L\u00ebvizshm\u00ebris\u00eb Nd\u00ebrkomb\u00ebtare t\u00eb Kredive, student\u00ebt, stafi m\u00ebsimdh\u00ebn\u00ebs dhe administrativ mund t\u00eb p\u00ebrfitojn\u00eb nga mobilitetet afatshkurtra, nga 3 deri n\u00eb 12 muaj p\u00ebr student\u00ebt Bachelor, Master dhe PhD [&hellip;]<\/p>\n","protected":false},"author":2,"featured_media":0,"comment_status":"closed","ping_status":"closed","sticky":false,"template":"","format":"standard","meta":{"_acf_changed":false,"_et_pb_use_builder":"on","_et_pb_old_content":"","_et_gb_content_width":"","footnotes":""},"categories":[2],"tags":[],"class_list":["post-8123","post","type-post","status-publish","format-standard","hentry","category-uncategorized-sq"],"acf":[],"_links":{"self":[{"href":"https:\/\/erasmusplus.al\/index.php?rest_route=\/wp\/v2\/posts\/8123","targetHints":{"allow":["GET"]}}],"collection":[{"href":"https:\/\/erasmusplus.al\/index.php?rest_route=\/wp\/v2\/posts"}],"about":[{"href":"https:\/\/erasmusplus.al\/index.php?rest_route=\/wp\/v2\/types\/post"}],"author":[{"embeddable":true,"href":"https:\/\/erasmusplus.al\/index.php?rest_route=\/wp\/v2\/users\/2"}],"replies":[{"embeddable":true,"href":"https:\/\/erasmusplus.al\/index.php?rest_route=%2Fwp%2Fv2%2Fcomments&post=8123"}],"version-history":[{"count":5,"href":"https:\/\/erasmusplus.al\/index.php?rest_route=\/wp\/v2\/posts\/8123\/revisions"}],"predecessor-version":[{"id":8179,"href":"https:\/\/erasmusplus.al\/index.php?rest_route=\/wp\/v2\/posts\/8123\/revisions\/8179"}],"wp:attachment":[{"href":"https:\/\/erasmusplus.al\/index.php?rest_route=%2Fwp%2Fv2%2Fmedia&parent=8123"}],"wp:term":[{"taxonomy":"category","embeddable":true,"href":"https:\/\/erasmusplus.al\/index.php?rest_route=%2Fwp%2Fv2%2Fcategories&post=8123"},{"taxonomy":"post_tag","embeddable":true,"href":"https:\/\/erasmusplus.al\/index.php?rest_route=%2Fwp%2Fv2%2Ftags&post=8123"}],"curies":[{"name":"wp","href":"https:\/\/api.w.org\/{rel}","templated":true}]}}