{"id":8273,"date":"2022-04-14T10:21:04","date_gmt":"2022-04-14T10:21:04","guid":{"rendered":"https:\/\/erasmusplus.al\/?p=8273"},"modified":"2022-04-14T10:21:04","modified_gmt":"2022-04-14T10:21:04","slug":"the-first-center-of-excellence-jean-monnet-in-albania-the-europeanization-of-public-policies-in-albania","status":"publish","type":"post","link":"https:\/\/erasmusplus.al\/?p=8273","title":{"rendered":"The first center of excellence Jean Monnet in Albania, &#8220;The Europeanization of Public Policies in Albania&#8221;."},"content":{"rendered":"<div class=\"kvgmc6g5 cxmmr5t8 oygrvhab hcukyx3x c1et5uql ii04i59q\">\n<div dir=\"auto\"><span style=\"font-size: 12pt;\">Zyra Komb\u00ebtare Erasmus+, me p\u00ebrfaq\u00ebsuese zv.koordinatoren Znj. Elona Sara\u00e7i, mori pjes\u00eb n\u00eb takimin hap\u00ebs t\u00eb qendr\u00ebs s\u00eb par\u00eb t\u00eb ekselenc\u00ebs Jean Monnet n\u00eb Shqip\u00ebri, \u201cEvropianizimi i Politikave Publike n\u00eb Shqip\u00ebri\u201d.<\/span><\/div>\n<\/div>\n<div class=\"cxmmr5t8 oygrvhab hcukyx3x c1et5uql o9v6fnle ii04i59q\">\n<div dir=\"auto\"><span style=\"font-size: 12pt;\">Kjo qend\u00ebr ekselence do t\u00eb jet\u00eb e hapur p\u00ebr studiues, student\u00eb, avokat\u00eb, ndihm\u00ebs jurist\u00eb dhe publikun e gjer\u00eb. Gjithashtu synimi afatgjat\u00eb \u00ebsht\u00eb t\u00eb kontribuoj\u00eb aktivisht n\u00eb afrimin e Evrop\u00ebs dhe institucioneve t\u00eb saj formale dhe joformale, me qytetar\u00ebt shqiptar\u00eb.<\/span><\/div>\n<div dir=\"auto\"><span style=\"font-size: 12pt;\">____<\/span><\/div>\n<\/div>\n<div class=\"cxmmr5t8 oygrvhab hcukyx3x c1et5uql o9v6fnle ii04i59q\">\n<div dir=\"auto\"><span style=\"font-size: 12pt;\">National Erasmus + Office, represented by Deputy Coordinator Mrs. Elona Sara\u00e7i, participated in the opening meeting of the first center of excellence Jean Monnet in Albania, &#8220;The Europeanization of Public Policies in Albania&#8221;.<\/span><\/div>\n<\/div>\n<div class=\"cxmmr5t8 oygrvhab hcukyx3x c1et5uql o9v6fnle ii04i59q\">\n<div dir=\"auto\"><span style=\"font-size: 12pt;\">This center of excellence will be open to researchers, students, lawyers, assistant layers and the general public. Also the long-term goal is to actively contribute to bringing Europe with its formal and informal institutions, closer to the Albanian citizens.<\/span><\/div>\n<div dir=\"auto\"><\/div>\n<div dir=\"auto\"><\/div>\n<\/div>\n<div dir=\"auto\"><img loading=\"lazy\" decoding=\"async\" class=\"alignnone size-medium wp-image-8274\" src=\"https:\/\/erasmusplus.al\/wp-content\/uploads\/2022\/04\/IMG_5503-225x300.jpeg\" alt=\"\" width=\"225\" height=\"300\" \/> <img loading=\"lazy\" decoding=\"async\" class=\"alignnone size-medium wp-image-8275\" src=\"https:\/\/erasmusplus.al\/wp-content\/uploads\/2022\/04\/IMG_5505-300x225.jpeg\" alt=\"\" width=\"300\" height=\"225\" \/> <img loading=\"lazy\" decoding=\"async\" class=\"alignnone size-medium wp-image-8276\" src=\"https:\/\/erasmusplus.al\/wp-content\/uploads\/2022\/04\/IMG_5504-300x225.jpeg\" alt=\"\" width=\"300\" height=\"225\" \/> <img loading=\"lazy\" decoding=\"async\" class=\"alignnone size-medium wp-image-8277\" src=\"https:\/\/erasmusplus.al\/wp-content\/uploads\/2022\/04\/IMG_5502-300x225.jpeg\" alt=\"\" width=\"300\" height=\"225\" \/> <img loading=\"lazy\" decoding=\"async\" class=\"alignnone size-medium wp-image-8278\" src=\"https:\/\/erasmusplus.al\/wp-content\/uploads\/2022\/04\/IMG_5500-300x225.jpeg\" alt=\"\" width=\"300\" height=\"225\" \/> <img loading=\"lazy\" decoding=\"async\" class=\"alignnone size-medium wp-image-8279\" src=\"https:\/\/erasmusplus.al\/wp-content\/uploads\/2022\/04\/IMG_5496-225x300.jpeg\" alt=\"\" width=\"225\" height=\"300\" \/><\/div>\n","protected":false},"excerpt":{"rendered":"<p>Zyra Komb\u00ebtare Erasmus+, me p\u00ebrfaq\u00ebsuese zv.koordinatoren Znj. Elona Sara\u00e7i, mori pjes\u00eb n\u00eb takimin hap\u00ebs t\u00eb qendr\u00ebs s\u00eb par\u00eb t\u00eb ekselenc\u00ebs Jean Monnet n\u00eb Shqip\u00ebri, \u201cEvropianizimi i Politikave Publike n\u00eb Shqip\u00ebri\u201d. Kjo qend\u00ebr ekselence do t\u00eb jet\u00eb e hapur p\u00ebr studiues, student\u00eb, avokat\u00eb, ndihm\u00ebs jurist\u00eb dhe publikun e gjer\u00eb. Gjithashtu synimi afatgjat\u00eb \u00ebsht\u00eb t\u00eb kontribuoj\u00eb aktivisht [&hellip;]<\/p>\n","protected":false},"author":2,"featured_media":0,"comment_status":"closed","ping_status":"closed","sticky":false,"template":"","format":"standard","meta":{"_acf_changed":false,"_et_pb_use_builder":"","_et_pb_old_content":"","_et_gb_content_width":"","footnotes":""},"categories":[1],"tags":[],"class_list":["post-8273","post","type-post","status-publish","format-standard","hentry","category-uncategorized"],"acf":[],"_links":{"self":[{"href":"https:\/\/erasmusplus.al\/index.php?rest_route=\/wp\/v2\/posts\/8273","targetHints":{"allow":["GET"]}}],"collection":[{"href":"https:\/\/erasmusplus.al\/index.php?rest_route=\/wp\/v2\/posts"}],"about":[{"href":"https:\/\/erasmusplus.al\/index.php?rest_route=\/wp\/v2\/types\/post"}],"author":[{"embeddable":true,"href":"https:\/\/erasmusplus.al\/index.php?rest_route=\/wp\/v2\/users\/2"}],"replies":[{"embeddable":true,"href":"https:\/\/erasmusplus.al\/index.php?rest_route=%2Fwp%2Fv2%2Fcomments&post=8273"}],"version-history":[{"count":1,"href":"https:\/\/erasmusplus.al\/index.php?rest_route=\/wp\/v2\/posts\/8273\/revisions"}],"predecessor-version":[{"id":8280,"href":"https:\/\/erasmusplus.al\/index.php?rest_route=\/wp\/v2\/posts\/8273\/revisions\/8280"}],"wp:attachment":[{"href":"https:\/\/erasmusplus.al\/index.php?rest_route=%2Fwp%2Fv2%2Fmedia&parent=8273"}],"wp:term":[{"taxonomy":"category","embeddable":true,"href":"https:\/\/erasmusplus.al\/index.php?rest_route=%2Fwp%2Fv2%2Fcategories&post=8273"},{"taxonomy":"post_tag","embeddable":true,"href":"https:\/\/erasmusplus.al\/index.php?rest_route=%2Fwp%2Fv2%2Ftags&post=8273"}],"curies":[{"name":"wp","href":"https:\/\/api.w.org\/{rel}","templated":true}]}}