{"id":8282,"date":"2022-05-03T18:37:05","date_gmt":"2022-05-03T18:37:05","guid":{"rendered":"https:\/\/erasmusplus.al\/?p=8282"},"modified":"2022-06-02T09:39:01","modified_gmt":"2022-06-02T09:39:01","slug":"europe-week-in-shkodra","status":"publish","type":"post","link":"https:\/\/erasmusplus.al\/?p=8282","title":{"rendered":"Europe Week in Shkodra"},"content":{"rendered":"<div class=\"kvgmc6g5 cxmmr5t8 oygrvhab hcukyx3x c1et5uql ii04i59q\">\n<div dir=\"auto\">Me nisjen e \u201cJav\u00ebs s\u00eb Evrop\u00ebs\u201d n\u00eb Shkod\u00ebr, Zyra Komb\u00ebtare Erasmus+ me stend\u00ebn e p\u00ebrfaq\u00ebsuar nga Znj. Elona Sara\u00e7i, priti shum\u00eb t\u00eb interesuar rreth programit.<\/div>\n<\/div>\n<div class=\"cxmmr5t8 oygrvhab hcukyx3x c1et5uql o9v6fnle ii04i59q\">\n<div dir=\"auto\">Vizitor\u00ebt e stend\u00ebs u informuan rreth mund\u00ebsive t\u00eb ofruara nga Erasmus+, duke u pajisur gjithashtu me materiale promovuese te ofruara nga zyra.<\/div>\n<\/div>\n<div class=\"cxmmr5t8 oygrvhab hcukyx3x c1et5uql o9v6fnle ii04i59q\">\n<div dir=\"auto\">_____<\/div>\n<\/div>\n<div class=\"cxmmr5t8 oygrvhab hcukyx3x c1et5uql o9v6fnle ii04i59q\">\n<div dir=\"auto\">\u201cEurope Week\u201d started in Shkodra where National Erasmus + Office with the stand represented by Mrs. Elona Sara\u00e7i welcomed many interested people about the program.<\/div>\n<\/div>\n<div class=\"cxmmr5t8 oygrvhab hcukyx3x c1et5uql o9v6fnle ii04i59q\">\n<div dir=\"auto\">Visitors were informed about the opportunities offered by Erasmus +, also being provided with promotional materials provided by the office.<\/div>\n<\/div>\n<div dir=\"auto\"><\/div>\n<div dir=\"auto\"><img loading=\"lazy\" decoding=\"async\" class=\"alignnone size-medium wp-image-8283\" src=\"https:\/\/erasmusplus.al\/wp-content\/uploads\/2022\/06\/279578871_2133096326882924_8693712011539200375_n-300x226.jpg\" alt=\"\" width=\"300\" height=\"226\" \/> <img loading=\"lazy\" decoding=\"async\" class=\"alignnone size-medium wp-image-8284\" src=\"https:\/\/erasmusplus.al\/wp-content\/uploads\/2022\/06\/279603157_2133096323549591_4563046964331347168_n-300x226.jpg\" alt=\"\" width=\"300\" height=\"226\" \/> <img loading=\"lazy\" decoding=\"async\" class=\"alignnone size-medium wp-image-8285\" src=\"https:\/\/erasmusplus.al\/wp-content\/uploads\/2022\/06\/279604867_2133096320216258_6199724920874208225_n-300x226.jpg\" alt=\"\" width=\"300\" height=\"226\" \/><\/div>\n","protected":false},"excerpt":{"rendered":"<p>Me nisjen e \u201cJav\u00ebs s\u00eb Evrop\u00ebs\u201d n\u00eb Shkod\u00ebr, Zyra Komb\u00ebtare Erasmus+ me stend\u00ebn e p\u00ebrfaq\u00ebsuar nga Znj. Elona Sara\u00e7i, priti shum\u00eb t\u00eb interesuar rreth programit. Vizitor\u00ebt e stend\u00ebs u informuan rreth mund\u00ebsive t\u00eb ofruara nga Erasmus+, duke u pajisur gjithashtu me materiale promovuese te ofruara nga zyra. _____ \u201cEurope Week\u201d started in Shkodra where National [&hellip;]<\/p>\n","protected":false},"author":2,"featured_media":0,"comment_status":"closed","ping_status":"closed","sticky":false,"template":"","format":"standard","meta":{"_acf_changed":false,"_et_pb_use_builder":"","_et_pb_old_content":"","_et_gb_content_width":"","footnotes":""},"categories":[1],"tags":[],"class_list":["post-8282","post","type-post","status-publish","format-standard","hentry","category-uncategorized"],"acf":[],"_links":{"self":[{"href":"https:\/\/erasmusplus.al\/index.php?rest_route=\/wp\/v2\/posts\/8282","targetHints":{"allow":["GET"]}}],"collection":[{"href":"https:\/\/erasmusplus.al\/index.php?rest_route=\/wp\/v2\/posts"}],"about":[{"href":"https:\/\/erasmusplus.al\/index.php?rest_route=\/wp\/v2\/types\/post"}],"author":[{"embeddable":true,"href":"https:\/\/erasmusplus.al\/index.php?rest_route=\/wp\/v2\/users\/2"}],"replies":[{"embeddable":true,"href":"https:\/\/erasmusplus.al\/index.php?rest_route=%2Fwp%2Fv2%2Fcomments&post=8282"}],"version-history":[{"count":1,"href":"https:\/\/erasmusplus.al\/index.php?rest_route=\/wp\/v2\/posts\/8282\/revisions"}],"predecessor-version":[{"id":8286,"href":"https:\/\/erasmusplus.al\/index.php?rest_route=\/wp\/v2\/posts\/8282\/revisions\/8286"}],"wp:attachment":[{"href":"https:\/\/erasmusplus.al\/index.php?rest_route=%2Fwp%2Fv2%2Fmedia&parent=8282"}],"wp:term":[{"taxonomy":"category","embeddable":true,"href":"https:\/\/erasmusplus.al\/index.php?rest_route=%2Fwp%2Fv2%2Fcategories&post=8282"},{"taxonomy":"post_tag","embeddable":true,"href":"https:\/\/erasmusplus.al\/index.php?rest_route=%2Fwp%2Fv2%2Ftags&post=8282"}],"curies":[{"name":"wp","href":"https:\/\/api.w.org\/{rel}","templated":true}]}}