{"id":8287,"date":"2022-05-05T15:40:20","date_gmt":"2022-05-05T15:40:20","guid":{"rendered":"https:\/\/erasmusplus.al\/?p=8287"},"modified":"2022-06-02T09:41:28","modified_gmt":"2022-06-02T09:41:28","slug":"europe-week-in-vlora","status":"publish","type":"post","link":"https:\/\/erasmusplus.al\/?p=8287","title":{"rendered":"Europe Week in Vlora"},"content":{"rendered":"<div class=\"kvgmc6g5 cxmmr5t8 oygrvhab hcukyx3x c1et5uql ii04i59q\">\n<div dir=\"auto\">\u201cJava e Evrop\u00ebs\u201d \u00ebsht\u00eb zhvendosur n\u00eb Vlor\u00eb, Zyra Komb\u00ebtare Erasmus+ me stend\u00ebn e saj vazhdon t\u00eb jet\u00eb e hapur p\u00ebr shum\u00eb t\u00eb interesuar rreth programit.<\/div>\n<\/div>\n<div class=\"cxmmr5t8 oygrvhab hcukyx3x c1et5uql o9v6fnle ii04i59q\">\n<div dir=\"auto\">Vizitor\u00ebt e stend\u00ebs informohen rreth mund\u00ebsive t\u00eb ofruara nga Erasmus+, duke u pajisur gjithashtu me materiale promovuese te ofruara nga zyra.<\/div>\n<\/div>\n<div class=\"cxmmr5t8 oygrvhab hcukyx3x c1et5uql o9v6fnle ii04i59q\">\n<div dir=\"auto\">_____<\/div>\n<\/div>\n<div class=\"cxmmr5t8 oygrvhab hcukyx3x c1et5uql o9v6fnle ii04i59q\">\n<div dir=\"auto\">&#8220;Europe Week&#8221; has moved to Vlora, the National Erasmus + Office with its stand continues to be open to many stakeholders.<\/div>\n<\/div>\n<div class=\"cxmmr5t8 oygrvhab hcukyx3x c1et5uql o9v6fnle ii04i59q\">\n<div dir=\"auto\">Visitors are being informed about the opportunities offered by Erasmus +, also being provided with promotional materials provided by the office.<\/div>\n<\/div>\n<div dir=\"auto\"><\/div>\n<div dir=\"auto\"><img loading=\"lazy\" decoding=\"async\" class=\"alignnone size-medium wp-image-8288\" src=\"https:\/\/erasmusplus.al\/wp-content\/uploads\/2022\/06\/280112470_2134565083402715_2644192144749624747_n-300x226.jpg\" alt=\"\" width=\"300\" height=\"226\" \/> <img loading=\"lazy\" decoding=\"async\" class=\"alignnone size-medium wp-image-8289\" src=\"https:\/\/erasmusplus.al\/wp-content\/uploads\/2022\/06\/279579588_2134565100069380_5853167419404596488_n-300x226.jpg\" alt=\"\" width=\"300\" height=\"226\" \/> <img loading=\"lazy\" decoding=\"async\" class=\"alignnone size-medium wp-image-8290\" src=\"https:\/\/erasmusplus.al\/wp-content\/uploads\/2022\/06\/280094640_2134565086736048_5998909517352747486_n-300x226.jpg\" alt=\"\" width=\"300\" height=\"226\" \/> <img loading=\"lazy\" decoding=\"async\" class=\"alignnone size-medium wp-image-8291\" src=\"https:\/\/erasmusplus.al\/wp-content\/uploads\/2022\/06\/280058669_2134565090069381_4292797484020799974_n-300x226.jpg\" alt=\"\" width=\"300\" height=\"226\" \/> <img loading=\"lazy\" decoding=\"async\" class=\"alignnone size-medium wp-image-8292\" src=\"https:\/\/erasmusplus.al\/wp-content\/uploads\/2022\/06\/280034596_2134565096736047_1983194195679779225_n-300x226.jpg\" alt=\"\" width=\"300\" height=\"226\" \/> <img loading=\"lazy\" decoding=\"async\" class=\"alignnone size-medium wp-image-8293\" src=\"https:\/\/erasmusplus.al\/wp-content\/uploads\/2022\/06\/280110852_2134565093402714_6272294749202884648_n-300x226.jpg\" alt=\"\" width=\"300\" height=\"226\" \/> <img loading=\"lazy\" decoding=\"async\" class=\"alignnone size-medium wp-image-8294\" src=\"https:\/\/erasmusplus.al\/wp-content\/uploads\/2022\/06\/280107869_2134565103402713_1138599536244274816_n-300x225.jpg\" alt=\"\" width=\"300\" height=\"225\" \/><\/div>\n","protected":false},"excerpt":{"rendered":"<p>\u201cJava e Evrop\u00ebs\u201d \u00ebsht\u00eb zhvendosur n\u00eb Vlor\u00eb, Zyra Komb\u00ebtare Erasmus+ me stend\u00ebn e saj vazhdon t\u00eb jet\u00eb e hapur p\u00ebr shum\u00eb t\u00eb interesuar rreth programit. Vizitor\u00ebt e stend\u00ebs informohen rreth mund\u00ebsive t\u00eb ofruara nga Erasmus+, duke u pajisur gjithashtu me materiale promovuese te ofruara nga zyra. _____ &#8220;Europe Week&#8221; has moved to Vlora, the National [&hellip;]<\/p>\n","protected":false},"author":2,"featured_media":0,"comment_status":"closed","ping_status":"closed","sticky":false,"template":"","format":"standard","meta":{"_acf_changed":false,"_et_pb_use_builder":"","_et_pb_old_content":"","_et_gb_content_width":"","footnotes":""},"categories":[1],"tags":[],"class_list":["post-8287","post","type-post","status-publish","format-standard","hentry","category-uncategorized"],"acf":[],"_links":{"self":[{"href":"https:\/\/erasmusplus.al\/index.php?rest_route=\/wp\/v2\/posts\/8287","targetHints":{"allow":["GET"]}}],"collection":[{"href":"https:\/\/erasmusplus.al\/index.php?rest_route=\/wp\/v2\/posts"}],"about":[{"href":"https:\/\/erasmusplus.al\/index.php?rest_route=\/wp\/v2\/types\/post"}],"author":[{"embeddable":true,"href":"https:\/\/erasmusplus.al\/index.php?rest_route=\/wp\/v2\/users\/2"}],"replies":[{"embeddable":true,"href":"https:\/\/erasmusplus.al\/index.php?rest_route=%2Fwp%2Fv2%2Fcomments&post=8287"}],"version-history":[{"count":1,"href":"https:\/\/erasmusplus.al\/index.php?rest_route=\/wp\/v2\/posts\/8287\/revisions"}],"predecessor-version":[{"id":8295,"href":"https:\/\/erasmusplus.al\/index.php?rest_route=\/wp\/v2\/posts\/8287\/revisions\/8295"}],"wp:attachment":[{"href":"https:\/\/erasmusplus.al\/index.php?rest_route=%2Fwp%2Fv2%2Fmedia&parent=8287"}],"wp:term":[{"taxonomy":"category","embeddable":true,"href":"https:\/\/erasmusplus.al\/index.php?rest_route=%2Fwp%2Fv2%2Fcategories&post=8287"},{"taxonomy":"post_tag","embeddable":true,"href":"https:\/\/erasmusplus.al\/index.php?rest_route=%2Fwp%2Fv2%2Ftags&post=8287"}],"curies":[{"name":"wp","href":"https:\/\/api.w.org\/{rel}","templated":true}]}}