{"id":8296,"date":"2022-05-09T19:42:16","date_gmt":"2022-05-09T19:42:16","guid":{"rendered":"https:\/\/erasmusplus.al\/?p=8296"},"modified":"2022-06-02T09:43:15","modified_gmt":"2022-06-02T09:43:15","slug":"europe-week-in-tirana","status":"publish","type":"post","link":"https:\/\/erasmusplus.al\/?p=8296","title":{"rendered":"Europe Week in Tirana"},"content":{"rendered":"<div class=\"kvgmc6g5 cxmmr5t8 oygrvhab hcukyx3x c1et5uql ii04i59q\">\n<div dir=\"auto\">N\u00eb panairin e \u201cJav\u00ebs s\u00eb Evrop\u00ebs\u201d n\u00eb Tiran\u00eb, u festua dhe Dita e Evrop\u00ebs. Nd\u00ebr stendat e renditura p\u00ebr t\u2019i ardhur n\u00eb ndihm\u00eb publikut ishte dhe stenda e Zyr\u00ebs Komb\u00ebtare Erasmus+.<\/div>\n<\/div>\n<div class=\"cxmmr5t8 oygrvhab hcukyx3x c1et5uql o9v6fnle ii04i59q\">\n<div dir=\"auto\">Vizitor\u00ebt e stend\u00ebs u informuan rreth mund\u00ebsive t\u00eb ofruara nga Erasmus+, duke u pajisur gjithashtu me materiale promovuese te ofruara nga zyra.<\/div>\n<\/div>\n<div class=\"cxmmr5t8 oygrvhab hcukyx3x c1et5uql o9v6fnle ii04i59q\">\n<div dir=\"auto\">_____<\/div>\n<\/div>\n<div class=\"cxmmr5t8 oygrvhab hcukyx3x c1et5uql o9v6fnle ii04i59q\">\n<div dir=\"auto\">Europe Day was celebrated in the &#8220;Europe Week&#8221; fair in Tirana,. The stand of the National Erasmus + Office was among the stands listed to help the public.<\/div>\n<\/div>\n<div class=\"cxmmr5t8 oygrvhab hcukyx3x c1et5uql o9v6fnle ii04i59q\">\n<div dir=\"auto\">Visitors to the stand were informed about the opportunities offered by Erasmus +, also being provided with promotional materials provided by the office.<\/div>\n<\/div>\n<div dir=\"auto\"><img loading=\"lazy\" decoding=\"async\" class=\"alignnone size-medium wp-image-8297\" src=\"https:\/\/erasmusplus.al\/wp-content\/uploads\/2022\/06\/279870011_2137796383079585_6357722366167649379_n-1-240x300.jpg\" alt=\"\" width=\"240\" height=\"300\" \/> <img loading=\"lazy\" decoding=\"async\" class=\"alignnone size-medium wp-image-8298\" src=\"https:\/\/erasmusplus.al\/wp-content\/uploads\/2022\/06\/279935368_2137796396412917_8691138889930364085_n-241x300.jpg\" alt=\"\" width=\"241\" height=\"300\" \/> <img loading=\"lazy\" decoding=\"async\" class=\"alignnone size-medium wp-image-8299\" src=\"https:\/\/erasmusplus.al\/wp-content\/uploads\/2022\/06\/280119528_2137796393079584_3954403495139874225_n-241x300.jpg\" alt=\"\" width=\"241\" height=\"300\" \/> <img loading=\"lazy\" decoding=\"async\" class=\"alignnone size-medium wp-image-8300\" src=\"https:\/\/erasmusplus.al\/wp-content\/uploads\/2022\/06\/279632123_2137796389746251_3597282209332299790_n-240x300.jpg\" alt=\"\" width=\"240\" height=\"300\" \/><\/div>\n","protected":false},"excerpt":{"rendered":"<p>N\u00eb panairin e \u201cJav\u00ebs s\u00eb Evrop\u00ebs\u201d n\u00eb Tiran\u00eb, u festua dhe Dita e Evrop\u00ebs. Nd\u00ebr stendat e renditura p\u00ebr t\u2019i ardhur n\u00eb ndihm\u00eb publikut ishte dhe stenda e Zyr\u00ebs Komb\u00ebtare Erasmus+. Vizitor\u00ebt e stend\u00ebs u informuan rreth mund\u00ebsive t\u00eb ofruara nga Erasmus+, duke u pajisur gjithashtu me materiale promovuese te ofruara nga zyra. _____ Europe [&hellip;]<\/p>\n","protected":false},"author":2,"featured_media":0,"comment_status":"closed","ping_status":"closed","sticky":false,"template":"","format":"standard","meta":{"_acf_changed":false,"_et_pb_use_builder":"","_et_pb_old_content":"","_et_gb_content_width":"","footnotes":""},"categories":[1],"tags":[],"class_list":["post-8296","post","type-post","status-publish","format-standard","hentry","category-uncategorized"],"acf":[],"_links":{"self":[{"href":"https:\/\/erasmusplus.al\/index.php?rest_route=\/wp\/v2\/posts\/8296","targetHints":{"allow":["GET"]}}],"collection":[{"href":"https:\/\/erasmusplus.al\/index.php?rest_route=\/wp\/v2\/posts"}],"about":[{"href":"https:\/\/erasmusplus.al\/index.php?rest_route=\/wp\/v2\/types\/post"}],"author":[{"embeddable":true,"href":"https:\/\/erasmusplus.al\/index.php?rest_route=\/wp\/v2\/users\/2"}],"replies":[{"embeddable":true,"href":"https:\/\/erasmusplus.al\/index.php?rest_route=%2Fwp%2Fv2%2Fcomments&post=8296"}],"version-history":[{"count":1,"href":"https:\/\/erasmusplus.al\/index.php?rest_route=\/wp\/v2\/posts\/8296\/revisions"}],"predecessor-version":[{"id":8301,"href":"https:\/\/erasmusplus.al\/index.php?rest_route=\/wp\/v2\/posts\/8296\/revisions\/8301"}],"wp:attachment":[{"href":"https:\/\/erasmusplus.al\/index.php?rest_route=%2Fwp%2Fv2%2Fmedia&parent=8296"}],"wp:term":[{"taxonomy":"category","embeddable":true,"href":"https:\/\/erasmusplus.al\/index.php?rest_route=%2Fwp%2Fv2%2Fcategories&post=8296"},{"taxonomy":"post_tag","embeddable":true,"href":"https:\/\/erasmusplus.al\/index.php?rest_route=%2Fwp%2Fv2%2Ftags&post=8296"}],"curies":[{"name":"wp","href":"https:\/\/api.w.org\/{rel}","templated":true}]}}