{"id":8880,"date":"2023-02-22T12:00:19","date_gmt":"2023-02-22T12:00:19","guid":{"rendered":"https:\/\/erasmusplus.al\/?p=8880"},"modified":"2023-02-28T11:32:13","modified_gmt":"2023-02-28T11:32:13","slug":"erasmusinfo-session-on-sport-14-02-2023","status":"publish","type":"post","link":"https:\/\/erasmusplus.al\/?p=8880","title":{"rendered":"YOUTH 14.02.2023"},"content":{"rendered":"<p>[et_pb_section fb_built=&#8221;1&#8243; _builder_version=&#8221;4.19.5&#8243; _module_preset=&#8221;default&#8221; global_colors_info=&#8221;{}&#8221;][et_pb_row _builder_version=&#8221;4.19.5&#8243; _module_preset=&#8221;default&#8221; global_colors_info=&#8221;{}&#8221;][et_pb_column type=&#8221;4_4&#8243; _builder_version=&#8221;4.19.5&#8243; _module_preset=&#8221;default&#8221; global_colors_info=&#8221;{}&#8221;][et_pb_blurb _builder_version=&#8221;4.20.0&#8243; _module_preset=&#8221;default&#8221; global_colors_info=&#8221;{}&#8221;]<\/p>\n<p>Me dat\u00eb 14 Shkurt 2023, Zyra Komb\u00ebtare Erasmus+ zhvilloi Sesionin Infomues lidhur me aplikimet p\u00ebr projektet \u2018Rritja e Kapaciteteve n\u00eb fush\u00ebn e Rinis\u00eb\u2019 (Capacity Building in the field of Youth &#8211; CBY), n\u00ebn moderimin e koordinatores Znj. Ada Ramaj.<\/p>\n<p>N\u00eb seanc\u00ebn e hyrjes, ky aktivitet u p\u00ebrsh\u00ebndet nga Znj. Bora Muzhaqi, Ministre Shteti p\u00ebr Rinin\u00eb dhe F\u00ebmijet, Z. Andrea Vera, P\u00ebrgjegj\u00ebs Sektori p\u00ebr Ekonomin\u00eb dhe Zhvillimin n\u00eb Delegacionin e BE-s\u00eb n\u00eb Tiran\u00eb, Znj. Dorotea Deshishku, p\u00ebrfaq\u00ebsuese e Ministris\u00eb s\u00eb Kultur\u00ebs, Rinis\u00eb dhe Sportit n\u00eb Kosov\u00eb si dhe Znj. Mimika Dobroshi, koordinatore e Zyr\u00ebs Komb\u00ebtare Erasmus+ n\u00eb Kosov\u00eb.<\/p>\n<p>Pjes\u00ebmarr\u00ebs t\u00eb ndrysh\u00ebm nga Shqip\u00ebria dhe Kosova, q\u00eb zhvillojne aktivitetet e tyre n\u00eb fush\u00ebn e Rinis\u00eb, ndoq\u00ebn online prezantimin e Znj. Claudia Mondino, eksperte n\u00eb Komisionin Evropian p\u00ebr Rinin\u00eb, mbi m\u00ebnyr\u00ebn se si aplikohet p\u00ebr k\u00ebto projekte: objektivat, financimi, vendet pjes\u00ebmarr\u00ebse, formular\u00ebt e nevojsh\u00ebm p\u00ebr aplikim, partneritetet e duhura etj. N\u00eb fund t\u00eb prezantimit t\u00eb saj, Znj. Mondino iu p\u00ebrgjigj shum\u00eb pyetjeve t\u00eb ngritura nga audienca.<\/p>\n<p>&nbsp;<\/p>\n<p>[\/et_pb_blurb][\/et_pb_column][\/et_pb_row][et_pb_row _builder_version=&#8221;4.19.5&#8243; _module_preset=&#8221;default&#8221; global_colors_info=&#8221;{}&#8221;][et_pb_column type=&#8221;4_4&#8243; _builder_version=&#8221;4.19.5&#8243; _module_preset=&#8221;default&#8221; global_colors_info=&#8221;{}&#8221;][et_pb_gallery gallery_ids=&#8221;8890,8884,8883,8933,8934,8935&#8243; _builder_version=&#8221;4.20.0&#8243; _module_preset=&#8221;default&#8221; hover_enabled=&#8221;0&#8243; global_colors_info=&#8221;{}&#8221; sticky_enabled=&#8221;0&#8243;][\/et_pb_gallery][\/et_pb_column][\/et_pb_row][\/et_pb_section]<\/p>\n","protected":false},"excerpt":{"rendered":"<p>Me dat\u00eb 14 Shkurt 2023, Zyra Komb\u00ebtare Erasmus+ zhvilloi Sesionin Infomues lidhur me aplikimet p\u00ebr projektet \u2018Rritja e Kapaciteteve n\u00eb fush\u00ebn e Rinis\u00eb\u2019 (Capacity Building in the field of Youth &#8211; CBY), n\u00ebn moderimin e koordinatores Znj. Ada Ramaj. N\u00eb seanc\u00ebn e hyrjes, ky aktivitet u p\u00ebrsh\u00ebndet nga Znj. Bora Muzhaqi, Ministre Shteti p\u00ebr Rinin\u00eb [&hellip;]<\/p>\n","protected":false},"author":2,"featured_media":0,"comment_status":"closed","ping_status":"closed","sticky":false,"template":"","format":"standard","meta":{"_acf_changed":false,"_et_pb_use_builder":"on","_et_pb_old_content":"","_et_gb_content_width":"","footnotes":""},"categories":[61,393,60],"tags":[],"class_list":["post-8880","post","type-post","status-publish","format-standard","hentry","category-activities","category-neo-activities","category-news"],"acf":[],"_links":{"self":[{"href":"https:\/\/erasmusplus.al\/index.php?rest_route=\/wp\/v2\/posts\/8880","targetHints":{"allow":["GET"]}}],"collection":[{"href":"https:\/\/erasmusplus.al\/index.php?rest_route=\/wp\/v2\/posts"}],"about":[{"href":"https:\/\/erasmusplus.al\/index.php?rest_route=\/wp\/v2\/types\/post"}],"author":[{"embeddable":true,"href":"https:\/\/erasmusplus.al\/index.php?rest_route=\/wp\/v2\/users\/2"}],"replies":[{"embeddable":true,"href":"https:\/\/erasmusplus.al\/index.php?rest_route=%2Fwp%2Fv2%2Fcomments&post=8880"}],"version-history":[{"count":12,"href":"https:\/\/erasmusplus.al\/index.php?rest_route=\/wp\/v2\/posts\/8880\/revisions"}],"predecessor-version":[{"id":8936,"href":"https:\/\/erasmusplus.al\/index.php?rest_route=\/wp\/v2\/posts\/8880\/revisions\/8936"}],"wp:attachment":[{"href":"https:\/\/erasmusplus.al\/index.php?rest_route=%2Fwp%2Fv2%2Fmedia&parent=8880"}],"wp:term":[{"taxonomy":"category","embeddable":true,"href":"https:\/\/erasmusplus.al\/index.php?rest_route=%2Fwp%2Fv2%2Fcategories&post=8880"},{"taxonomy":"post_tag","embeddable":true,"href":"https:\/\/erasmusplus.al\/index.php?rest_route=%2Fwp%2Fv2%2Ftags&post=8880"}],"curies":[{"name":"wp","href":"https:\/\/api.w.org\/{rel}","templated":true}]}}