{"id":8909,"date":"2023-02-27T12:35:24","date_gmt":"2023-02-27T12:35:24","guid":{"rendered":"https:\/\/erasmusplus.al\/?p=8909"},"modified":"2023-02-27T12:52:32","modified_gmt":"2023-02-27T12:52:32","slug":"auto-draft-4","status":"publish","type":"post","link":"https:\/\/erasmusplus.al\/?p=8909","title":{"rendered":"Erasmus+ Info Session on Sport"},"content":{"rendered":"<p>[et_pb_section fb_built=&#8221;1&#8243; _builder_version=&#8221;4.20.0&#8243; _module_preset=&#8221;default&#8221; global_colors_info=&#8221;{}&#8221;][et_pb_row _builder_version=&#8221;4.20.0&#8243; _module_preset=&#8221;default&#8221; global_colors_info=&#8221;{}&#8221;][et_pb_column type=&#8221;4_4&#8243; _builder_version=&#8221;4.20.0&#8243; _module_preset=&#8221;default&#8221; global_colors_info=&#8221;{}&#8221;][et_pb_blurb _builder_version=&#8221;4.20.0&#8243; _module_preset=&#8221;default&#8221; global_colors_info=&#8221;{}&#8221;]\ud83d\udce2Me dat\u00eb 10 shkurt u zhvillua sesioni infomues p\u00ebr projektet \u2018Rritja e Kapaciteteve n\u00eb fush\u00ebn e Sportit\u2019 (Capacity Building in the field of Sport &#8211; CBS) n\u00ebn monitorimin e koordinatores s\u00eb zyr\u00ebs komb\u00ebtare Erasmus+, Znj. Ada Ramaj.<\/p>\n<p>Pjes\u00ebmarr\u00ebs t\u00eb ndrysh\u00ebm n\u00eb fush\u00ebn e sporteve ndoq\u00ebn online prezantimin e Z. Marc Patuzzo, ekspert n\u00eb Komisionin Evropian p\u00ebr Sportin, mbi m\u00ebnyr\u00ebn se si aplikohet n\u00eb k\u00ebto projekte: objektivat, financimi, vendet pjes\u00ebmarr\u00ebse, formularet e nevojsh\u00ebm p\u00ebr aplikim etj.<\/p>\n<p>N\u00eb fjal\u00ebn p\u00ebrsh\u00ebndet\u00ebse t\u00eb k\u00ebtij aktiviteti mori pjes\u00eb Z. Endrit Hoxha, zv.minister n\u00eb Ministrin\u00eb e Arsimit dhe Sportit si dhe Z. Andrea Vera, P\u00ebrgjegj\u00ebs Sektori p\u00ebr Ekonomin\u00eb dhe Zhvillimin n\u00eb Delegacionin e BE-s\u00eb.<br \/>\n[\/et_pb_blurb][et_pb_gallery gallery_ids=&#8221;8921,8922,8923&#8243; _builder_version=&#8221;4.20.0&#8243; _module_preset=&#8221;default&#8221; global_colors_info=&#8221;{}&#8221;][\/et_pb_gallery][\/et_pb_column][\/et_pb_row][\/et_pb_section]<\/p>\n","protected":false},"excerpt":{"rendered":"<p>\ud83d\udce2Me dat\u00eb 10 shkurt u zhvillua sesioni infomues p\u00ebr projektet \u2018Rritja e Kapaciteteve n\u00eb fush\u00ebn e Sportit\u2019 (Capacity Building in the field of Sport &#8211; CBS) n\u00ebn monitorimin e koordinatores s\u00eb zyr\u00ebs komb\u00ebtare Erasmus+, Znj. Ada Ramaj. Pjes\u00ebmarr\u00ebs t\u00eb ndrysh\u00ebm n\u00eb fush\u00ebn e sporteve ndoq\u00ebn online prezantimin e Z. Marc Patuzzo, ekspert n\u00eb Komisionin Evropian [&hellip;]<\/p>\n","protected":false},"author":2,"featured_media":0,"comment_status":"closed","ping_status":"closed","sticky":false,"template":"","format":"standard","meta":{"_acf_changed":false,"_et_pb_use_builder":"on","_et_pb_old_content":"","_et_gb_content_width":"","footnotes":""},"categories":[61,60],"tags":[],"class_list":["post-8909","post","type-post","status-publish","format-standard","hentry","category-activities","category-news"],"acf":[],"_links":{"self":[{"href":"https:\/\/erasmusplus.al\/index.php?rest_route=\/wp\/v2\/posts\/8909","targetHints":{"allow":["GET"]}}],"collection":[{"href":"https:\/\/erasmusplus.al\/index.php?rest_route=\/wp\/v2\/posts"}],"about":[{"href":"https:\/\/erasmusplus.al\/index.php?rest_route=\/wp\/v2\/types\/post"}],"author":[{"embeddable":true,"href":"https:\/\/erasmusplus.al\/index.php?rest_route=\/wp\/v2\/users\/2"}],"replies":[{"embeddable":true,"href":"https:\/\/erasmusplus.al\/index.php?rest_route=%2Fwp%2Fv2%2Fcomments&post=8909"}],"version-history":[{"count":8,"href":"https:\/\/erasmusplus.al\/index.php?rest_route=\/wp\/v2\/posts\/8909\/revisions"}],"predecessor-version":[{"id":8927,"href":"https:\/\/erasmusplus.al\/index.php?rest_route=\/wp\/v2\/posts\/8909\/revisions\/8927"}],"wp:attachment":[{"href":"https:\/\/erasmusplus.al\/index.php?rest_route=%2Fwp%2Fv2%2Fmedia&parent=8909"}],"wp:term":[{"taxonomy":"category","embeddable":true,"href":"https:\/\/erasmusplus.al\/index.php?rest_route=%2Fwp%2Fv2%2Fcategories&post=8909"},{"taxonomy":"post_tag","embeddable":true,"href":"https:\/\/erasmusplus.al\/index.php?rest_route=%2Fwp%2Fv2%2Ftags&post=8909"}],"curies":[{"name":"wp","href":"https:\/\/api.w.org\/{rel}","templated":true}]}}