{"id":8937,"date":"2023-02-28T11:34:07","date_gmt":"2023-02-28T11:34:07","guid":{"rendered":"https:\/\/erasmusplus.al\/?p=8937"},"modified":"2023-02-28T11:34:07","modified_gmt":"2023-02-28T11:34:07","slug":"wbaa-report-first-four-years","status":"publish","type":"post","link":"https:\/\/erasmusplus.al\/?p=8937","title":{"rendered":"WBAA Report first four years"},"content":{"rendered":"<p>Ju ftojm\u00eb t\u00eb shfletoni raportin q\u00eb WBAA \u2013\u2018Shoqata e ish-student\u00ebve t\u00eb Ballkanit Per\u00ebndimor\u2019 ka publikuar s\u00eb fundmi, lidhur me aktivitetet e zhvilluara n\u00eb kat\u00ebr vitet e para t\u00eb organizimit t\u00eb saj. Raporti tregon se si WBAA kontribuon n\u00eb shk\u00ebmbimet drejt BE-s\u00eb t\u00eb student\u00ebve t\u00eb rajonit, promovimin e programeve t\u00eb l\u00ebvizshm\u00ebris\u00eb, modernizimin e Arsimit t\u00eb Lart\u00eb dhe zhvillimin akademik dhe profesional t\u00eb t\u00eb rinjve n\u00eb rajon.<u><\/u><u><\/u><\/p>\n<p>P\u00ebr m\u00eb shum\u00eb, ndiqni link-un\u00a0<span lang=\"EN-IE\"><a href=\"https:\/\/urldefense.com\/v3\/__https:\/www.western-balkans-alumni.eu\/about\/wbaa-report\/__;!!DOxrgLBm!FbygK0O-oPmYwHsBu6hve9DLupcYmXEhrzjLWwmv8xp7TEjyTdipMTxBIZVeUDF60d3UhvzjkmyvRHkI8Z5Gh4bbyVGu8qQJzKG6ijAeUdGVBA8$\" target=\"_blank\" rel=\"noopener\" data-saferedirecturl=\"https:\/\/www.google.com\/url?q=https:\/\/urldefense.com\/v3\/__https:\/www.western-balkans-alumni.eu\/about\/wbaa-report\/__;!!DOxrgLBm!FbygK0O-oPmYwHsBu6hve9DLupcYmXEhrzjLWwmv8xp7TEjyTdipMTxBIZVeUDF60d3UhvzjkmyvRHkI8Z5Gh4bbyVGu8qQJzKG6ijAeUdGVBA8$&amp;source=gmail&amp;ust=1677670204829000&amp;usg=AOvVaw3JGQBagC-gV2LQ3WwMhzzG\">WBAA Report \u2013 WBAA (western-balkans-alumni.eu)<\/a><\/span><\/p>\n","protected":false},"excerpt":{"rendered":"<p>Ju ftojm\u00eb t\u00eb shfletoni raportin q\u00eb WBAA \u2013\u2018Shoqata e ish-student\u00ebve t\u00eb Ballkanit Per\u00ebndimor\u2019 ka publikuar s\u00eb fundmi, lidhur me aktivitetet e zhvilluara n\u00eb kat\u00ebr vitet e para t\u00eb organizimit t\u00eb saj. Raporti tregon se si WBAA kontribuon n\u00eb shk\u00ebmbimet drejt BE-s\u00eb t\u00eb student\u00ebve t\u00eb rajonit, promovimin e programeve t\u00eb l\u00ebvizshm\u00ebris\u00eb, modernizimin e Arsimit t\u00eb Lart\u00eb [&hellip;]<\/p>\n","protected":false},"author":2,"featured_media":0,"comment_status":"closed","ping_status":"closed","sticky":false,"template":"","format":"standard","meta":{"_acf_changed":false,"_et_pb_use_builder":"","_et_pb_old_content":"","_et_gb_content_width":"","footnotes":""},"categories":[61,60],"tags":[],"class_list":["post-8937","post","type-post","status-publish","format-standard","hentry","category-activities","category-news"],"acf":[],"_links":{"self":[{"href":"https:\/\/erasmusplus.al\/index.php?rest_route=\/wp\/v2\/posts\/8937","targetHints":{"allow":["GET"]}}],"collection":[{"href":"https:\/\/erasmusplus.al\/index.php?rest_route=\/wp\/v2\/posts"}],"about":[{"href":"https:\/\/erasmusplus.al\/index.php?rest_route=\/wp\/v2\/types\/post"}],"author":[{"embeddable":true,"href":"https:\/\/erasmusplus.al\/index.php?rest_route=\/wp\/v2\/users\/2"}],"replies":[{"embeddable":true,"href":"https:\/\/erasmusplus.al\/index.php?rest_route=%2Fwp%2Fv2%2Fcomments&post=8937"}],"version-history":[{"count":1,"href":"https:\/\/erasmusplus.al\/index.php?rest_route=\/wp\/v2\/posts\/8937\/revisions"}],"predecessor-version":[{"id":8938,"href":"https:\/\/erasmusplus.al\/index.php?rest_route=\/wp\/v2\/posts\/8937\/revisions\/8938"}],"wp:attachment":[{"href":"https:\/\/erasmusplus.al\/index.php?rest_route=%2Fwp%2Fv2%2Fmedia&parent=8937"}],"wp:term":[{"taxonomy":"category","embeddable":true,"href":"https:\/\/erasmusplus.al\/index.php?rest_route=%2Fwp%2Fv2%2Fcategories&post=8937"},{"taxonomy":"post_tag","embeddable":true,"href":"https:\/\/erasmusplus.al\/index.php?rest_route=%2Fwp%2Fv2%2Ftags&post=8937"}],"curies":[{"name":"wp","href":"https:\/\/api.w.org\/{rel}","templated":true}]}}