{"id":9049,"date":"2023-05-23T09:57:38","date_gmt":"2023-05-23T09:57:38","guid":{"rendered":"https:\/\/erasmusplus.al\/?p=9049"},"modified":"2023-05-23T09:57:43","modified_gmt":"2023-05-23T09:57:43","slug":"prezantimi-i-programit-erasmus-gjate-aktivitetit-ne-dt-18-19-maj-2023-ne-universitetin-polis","status":"publish","type":"post","link":"https:\/\/erasmusplus.al\/?p=9049","title":{"rendered":"Prezantimi I programit Erasmus+ gjate aktivitetit ne dt. 18-19 Maj 2023 ne universitetin Polis"},"content":{"rendered":"<p>[et_pb_section fb_built=&#8221;1&#8243; theme_builder_area=&#8221;post_content&#8221; _builder_version=&#8221;4.20.2&#8243; _module_preset=&#8221;default&#8221;][et_pb_row _builder_version=&#8221;4.20.2&#8243; _module_preset=&#8221;default&#8221; theme_builder_area=&#8221;post_content&#8221;][et_pb_column _builder_version=&#8221;4.20.2&#8243; _module_preset=&#8221;default&#8221; type=&#8221;4_4&#8243; theme_builder_area=&#8221;post_content&#8221;][et_pb_blurb _builder_version=&#8221;4.20.2&#8243; _module_preset=&#8221;default&#8221; theme_builder_area=&#8221;post_content&#8221; hover_enabled=&#8221;0&#8243; sticky_enabled=&#8221;0&#8243;]<\/p>\n<p><span style=\"font-size: 12pt;\">Prezantimi I mund\u00ebsive q\u00eb ofron programi Erasmus+ gjat\u00eb takimit t\u00eb Shkollave t\u00eb Arkitektur\u00ebs dhe Urbanistik\u00ebs t\u00eb Rajonit Euro-Mesdhetar, zhvilluar n\u00eb dt. 18-19 Maj 2023 n\u00eb universitetin Polis.<\/span><\/p>\n<p>[\/et_pb_blurb][et_pb_gallery _builder_version=&#8221;4.20.2&#8243; _module_preset=&#8221;default&#8221; theme_builder_area=&#8221;post_content&#8221; gallery_ids=&#8221;9053,9054&#8243; hover_enabled=&#8221;0&#8243; sticky_enabled=&#8221;0&#8243;][\/et_pb_gallery][\/et_pb_column][\/et_pb_row][\/et_pb_section]<\/p>\n","protected":false},"excerpt":{"rendered":"<p>Prezantimi I mund\u00ebsive q\u00eb ofron programi Erasmus+ gjat\u00eb takimit t\u00eb Shkollave t\u00eb Arkitektur\u00ebs dhe Urbanistik\u00ebs t\u00eb Rajonit Euro-Mesdhetar, zhvilluar n\u00eb dt. 18-19 Maj 2023 n\u00eb universitetin Polis.<\/p>\n","protected":false},"author":2,"featured_media":0,"comment_status":"closed","ping_status":"closed","sticky":false,"template":"","format":"standard","meta":{"_acf_changed":false,"_et_pb_use_builder":"on","_et_pb_old_content":"","_et_gb_content_width":"","footnotes":""},"categories":[61,60],"tags":[],"class_list":["post-9049","post","type-post","status-publish","format-standard","hentry","category-activities","category-news"],"acf":[],"_links":{"self":[{"href":"https:\/\/erasmusplus.al\/index.php?rest_route=\/wp\/v2\/posts\/9049","targetHints":{"allow":["GET"]}}],"collection":[{"href":"https:\/\/erasmusplus.al\/index.php?rest_route=\/wp\/v2\/posts"}],"about":[{"href":"https:\/\/erasmusplus.al\/index.php?rest_route=\/wp\/v2\/types\/post"}],"author":[{"embeddable":true,"href":"https:\/\/erasmusplus.al\/index.php?rest_route=\/wp\/v2\/users\/2"}],"replies":[{"embeddable":true,"href":"https:\/\/erasmusplus.al\/index.php?rest_route=%2Fwp%2Fv2%2Fcomments&post=9049"}],"version-history":[{"count":3,"href":"https:\/\/erasmusplus.al\/index.php?rest_route=\/wp\/v2\/posts\/9049\/revisions"}],"predecessor-version":[{"id":9056,"href":"https:\/\/erasmusplus.al\/index.php?rest_route=\/wp\/v2\/posts\/9049\/revisions\/9056"}],"wp:attachment":[{"href":"https:\/\/erasmusplus.al\/index.php?rest_route=%2Fwp%2Fv2%2Fmedia&parent=9049"}],"wp:term":[{"taxonomy":"category","embeddable":true,"href":"https:\/\/erasmusplus.al\/index.php?rest_route=%2Fwp%2Fv2%2Fcategories&post=9049"},{"taxonomy":"post_tag","embeddable":true,"href":"https:\/\/erasmusplus.al\/index.php?rest_route=%2Fwp%2Fv2%2Ftags&post=9049"}],"curies":[{"name":"wp","href":"https:\/\/api.w.org\/{rel}","templated":true}]}}